{"id":1108,"date":"2023-06-05T21:29:47","date_gmt":"2023-06-05T19:29:47","guid":{"rendered":"https:\/\/aztrix.me\/is-gratis-gebruik-van-twitter-en-facebook-binnenkort-verleden-tijd\/"},"modified":"2023-06-23T13:30:27","modified_gmt":"2023-06-23T11:30:27","slug":"lutilisation-gratuite-de-twitter-et-de-facebook-appartiendra-t-elle-bientot-au-passe","status":"publish","type":"post","link":"https:\/\/aztrix.me\/fr\/lutilisation-gratuite-de-twitter-et-de-facebook-appartiendra-t-elle-bientot-au-passe\/","title":{"rendered":"L&rsquo;utilisation gratuite de Twitter et de Facebook appartiendra-t-elle bient\u00f4t au pass\u00e9 ?"},"content":{"rendered":"<section class=\"l-section wpb_row height_auto\"><div class=\"l-section-h i-cf\"><div class=\"g-cols vc_row via_flex valign_top type_default stacking_default\"><div class=\"vc_col-sm-12 wpb_column vc_column_container\"><div class=\"vc_column-inner\"><div class=\"wpb_wrapper\"><div class=\"wpb_text_column\"><div class=\"wpb_wrapper\"><p>La principale source de revenus de ces plateformes est la publicit\u00e9. Ces plateformes ont d\u00e9velopp\u00e9 des technologies publicitaires avanc\u00e9es qui leur permettent de diffuser des publicit\u00e9s cibl\u00e9es \u00e0 des publics sp\u00e9cifiques. Les annonceurs y trouvent leur compte, car ils peuvent ainsi d\u00e9penser leurs budgets de marketing plus efficacement et faire de la publicit\u00e9 de mani\u00e8re plus cibl\u00e9e. Le succ\u00e8s de ces publicit\u00e9s a permis aux plateformes de m\u00e9dias sociaux de r\u00e9aliser d&rsquo;\u00e9normes b\u00e9n\u00e9fices.<\/p>\n<p>Pourtant, certains signes indiquent que les temps changent. La protection de la vie priv\u00e9e des utilisateurs et la s\u00e9curit\u00e9 des donn\u00e9es suscitent de plus en plus d&rsquo;inqui\u00e9tudes. Des plateformes comme Facebook ont connu ces derni\u00e8res ann\u00e9es plusieurs scandales dans lesquels des donn\u00e9es d&rsquo;utilisateurs ont \u00e9t\u00e9 collect\u00e9es et utilis\u00e9es de mani\u00e8re inappropri\u00e9e. Cette situation a suscit\u00e9 des critiques de la part des utilisateurs et des d\u00e9cideurs politiques.<\/p>\n<p>En r\u00e9ponse, de nouvelles lois et r\u00e9glementations ont \u00e9t\u00e9 introduites dans plusieurs pays pour prot\u00e9ger la vie priv\u00e9e des utilisateurs et restreindre la mani\u00e8re dont les plateformes de m\u00e9dias sociaux collectent et utilisent les donn\u00e9es. Cela pourrait conduire \u00e0 davantage de restrictions sur l&rsquo;utilisation des donn\u00e9es pour les publicit\u00e9s cibl\u00e9es. Cela pourrait \u00e0 son tour entra\u00eener une baisse des revenus de ces plateformes.<\/p>\n<p>Une autre \u00e9volution possible est l&rsquo;\u00e9mergence de nouveaux services payants sur les m\u00e9dias sociaux. Cela pourrait constituer une autre source de revenus pour ces plateformes.<\/p>\n<h2>Le \u00ab\u00a0bleu Twitter\u00a0\u00bb<\/h2>\n<p>&nbsp;<\/p>\n<p>Par exemple, Twitter propose d\u00e9j\u00e0 un service payant appel\u00e9 \u00ab\u00a0Twitter Blue\u00a0\u00bb, qui offre des fonctionnalit\u00e9s suppl\u00e9mentaires aux utilisateurs. Les utilisateurs obtiendront ainsi un badge bleu derri\u00e8re leur nom d&rsquo;utilisateur &#8211; une fonction qui n&rsquo;\u00e9tait auparavant pas accessible \u00e0 tout le monde mais seulement aux \u00ab\u00a0happy few\u00a0\u00bb, tels que les c\u00e9l\u00e9brit\u00e9s, les hommes politiques et les entreprises.<\/p>\n<p>Cette fonctionnalit\u00e9 co\u00fbtera 8 euros par mois et offrira d&rsquo;autres avantages. Les membres de Twitter Blue verront moins de publicit\u00e9s, voire aucune, et pourront publier des vid\u00e9os plus longues sur la plateforme. En outre, les tweets des abonn\u00e9s seront prioritaires dans la vue d&rsquo;ensemble et les tweets pourront \u00eatre modifi\u00e9s apr\u00e8s leur publication.<\/p>\n<h2>Service d&rsquo;abonnement \u00e0 Facebook<\/h2>\n<p>&nbsp;<\/p>\n<p>Facebook teste actuellement un service d&rsquo;abonnement qui permettra aux utilisateurs d&rsquo;acc\u00e9der au contenu exclusif de leurs cr\u00e9ateurs pr\u00e9f\u00e9r\u00e9s. Facebook est confront\u00e9 \u00e0 la baisse de ses revenus publicitaires et esp\u00e8re ainsi g\u00e9n\u00e9rer une nouvelle source de revenus. Apr\u00e8s tout, le co\u00fbt de l&rsquo;abonnement serait de 11 euros par mois et par utilisateur. Toutefois, il n&rsquo;est pas encore certain que ce service soit effectivement mis en place.<\/p>\n<h2>Meta v\u00e9rifi\u00e9<\/h2>\n<p>&nbsp;<\/p>\n<p>Ce qui a \u00e9t\u00e9 mis en place et fonctionne, c&rsquo;est le \u00ab\u00a0Meta verified\u00a0\u00bb. Ce badge indique, comme sur Twitter, que les cr\u00e9ateurs et autres utilisateurs professionnels ont \u00e9t\u00e9 v\u00e9rifi\u00e9s. Ainsi, les personnes qui les suivent sont s\u00fbres de l&rsquo;identit\u00e9 des cr\u00e9ateurs. L&rsquo;un des principaux avantages est que ces comptes font l&rsquo;objet d&rsquo;une surveillance active de l&rsquo;usurpation d&rsquo;identit\u00e9, ce qui les prot\u00e8ge contre le piratage ou d&rsquo;autres activit\u00e9s similaires. En outre, les propri\u00e9taires de badges peuvent \u00e9galement utiliser des autocollants exclusifs dans leurs stories Instagram.<\/p>\n<h2>Une exp\u00e9rience s\u00e9curis\u00e9e des m\u00e9dias sociaux<\/h2>\n<p>&nbsp;<\/p>\n<p>Il est \u00e9galement prouv\u00e9 que les utilisateurs sont pr\u00eats \u00e0 payer pour une exp\u00e9rience des m\u00e9dias sociaux meilleure et plus s\u00fbre. C&rsquo;est particuli\u00e8rement vrai chez les jeunes utilisateurs qui accordent plus d&rsquo;importance \u00e0 la vie priv\u00e9e et \u00e0 la s\u00e9curit\u00e9. Une enqu\u00eate men\u00e9e par CivicScience a r\u00e9v\u00e9l\u00e9 que 49 % des personnes interrog\u00e9es \u00e2g\u00e9es de 18 \u00e0 24 ans seraient pr\u00eates \u00e0 payer pour une exp\u00e9rience des m\u00e9dias sociaux sans publicit\u00e9.<\/p>\n<p>Le fait de souscrire \u00e0 un abonnement payant prot\u00e8ge les utilisateurs contre l&rsquo;usurpation d&rsquo;identit\u00e9 en ligne, un ph\u00e9nom\u00e8ne malheureusement de plus en plus r\u00e9pandu.<\/p>\n<h2>L&rsquo;avenir<\/h2>\n<p>&nbsp;<\/p>\n<p>Twitter et Facebook ne deviendront jamais enti\u00e8rement payants dans un avenir proche, mais il y aura des fonctions payantes sous forme d&rsquo;abonnements sur la plateforme. Une \u00e9volution importante \u00e0 suivre.<\/p>\n<\/div><\/div><\/div><\/div><\/div><\/div><\/div><\/section>\n","protected":false},"excerpt":{"rendered":"La principale source de revenus de ces plateformes est la publicit\u00e9. Ces plateformes ont d\u00e9velopp\u00e9 des technologies publicitaires avanc\u00e9es qui leur permettent de diffuser des publicit\u00e9s cibl\u00e9es \u00e0 des publics sp\u00e9cifiques. Les annonceurs y trouvent leur compte, car ils peuvent ainsi d\u00e9penser leurs budgets de marketing plus efficacement et faire de la publicit\u00e9 de mani\u00e8re...","protected":false},"author":1,"featured_media":655,"comment_status":"closed","ping_status":"open","sticky":false,"template":"","format":"standard","meta":{"footnotes":""},"categories":[23],"tags":[],"class_list":["post-1108","post","type-post","status-publish","format-standard","has-post-thumbnail","hentry","category-reseaux-sociaux"],"acf":[],"yoast_head":"<!-- This site is optimized with the Yoast SEO plugin v25.6 - https:\/\/yoast.com\/wordpress\/plugins\/seo\/ -->\n<title>L&#039;utilisation gratuite de Twitter et de Facebook appartiendra-t-elle bient\u00f4t au pass\u00e9 ? - Aztrix<\/title>\n<meta name=\"robots\" content=\"index, follow, max-snippet:-1, max-image-preview:large, max-video-preview:-1\" \/>\n<link rel=\"canonical\" href=\"https:\/\/aztrix.me\/fr\/lutilisation-gratuite-de-twitter-et-de-facebook-appartiendra-t-elle-bientot-au-passe\/\" \/>\n<meta property=\"og:locale\" content=\"fr_FR\" \/>\n<meta property=\"og:type\" content=\"article\" \/>\n<meta property=\"og:title\" content=\"L&#039;utilisation gratuite de Twitter et de Facebook appartiendra-t-elle bient\u00f4t au pass\u00e9 ? - Aztrix\" \/>\n<meta property=\"og:url\" content=\"https:\/\/aztrix.me\/fr\/lutilisation-gratuite-de-twitter-et-de-facebook-appartiendra-t-elle-bientot-au-passe\/\" \/>\n<meta property=\"og:site_name\" content=\"Aztrix\" \/>\n<meta property=\"article:published_time\" content=\"2023-06-05T19:29:47+00:00\" \/>\n<meta property=\"article:modified_time\" content=\"2023-06-23T11:30:27+00:00\" \/>\n<meta property=\"og:image\" content=\"https:\/\/aztrix.me\/wp-content\/uploads\/2023\/04\/small-business-owner-talking-on-the-phone-with-cus-2022-09-21-00-50-18-utc-jpg.webp\" \/>\n\t<meta property=\"og:image:width\" content=\"2000\" \/>\n\t<meta property=\"og:image:height\" content=\"1331\" \/>\n\t<meta property=\"og:image:type\" content=\"image\/jpeg\" \/>\n<meta name=\"author\" content=\"dxv_webmaster\" \/>\n<meta name=\"twitter:card\" content=\"summary_large_image\" \/>\n<meta name=\"twitter:label1\" content=\"\u00c9crit par\" \/>\n\t<meta name=\"twitter:data1\" content=\"dxv_webmaster\" \/>\n\t<meta name=\"twitter:label2\" content=\"Dur\u00e9e de lecture estim\u00e9e\" \/>\n\t<meta name=\"twitter:data2\" content=\"4 minutes\" \/>\n<script type=\"application\/ld+json\" class=\"yoast-schema-graph\">{\"@context\":\"https:\/\/schema.org\",\"@graph\":[{\"@type\":\"Article\",\"@id\":\"https:\/\/aztrix.me\/fr\/lutilisation-gratuite-de-twitter-et-de-facebook-appartiendra-t-elle-bientot-au-passe\/#article\",\"isPartOf\":{\"@id\":\"https:\/\/aztrix.me\/fr\/lutilisation-gratuite-de-twitter-et-de-facebook-appartiendra-t-elle-bientot-au-passe\/\"},\"author\":{\"name\":\"dxv_webmaster\",\"@id\":\"https:\/\/aztrix.me\/#\/schema\/person\/b51709d4a7915a0e73b82d0ee7beadf1\"},\"headline\":\"L&rsquo;utilisation gratuite de Twitter et de Facebook appartiendra-t-elle bient\u00f4t au pass\u00e9 ?\",\"datePublished\":\"2023-06-05T19:29:47+00:00\",\"dateModified\":\"2023-06-23T11:30:27+00:00\",\"mainEntityOfPage\":{\"@id\":\"https:\/\/aztrix.me\/fr\/lutilisation-gratuite-de-twitter-et-de-facebook-appartiendra-t-elle-bientot-au-passe\/\"},\"wordCount\":763,\"publisher\":{\"@id\":\"https:\/\/aztrix.me\/#organization\"},\"image\":{\"@id\":\"https:\/\/aztrix.me\/fr\/lutilisation-gratuite-de-twitter-et-de-facebook-appartiendra-t-elle-bientot-au-passe\/#primaryimage\"},\"thumbnailUrl\":\"https:\/\/aztrix.me\/wp-content\/uploads\/2023\/04\/small-business-owner-talking-on-the-phone-with-cus-2022-09-21-00-50-18-utc-jpg.webp\",\"articleSection\":[\"R\u00e9seaux sociaux\"],\"inLanguage\":\"fr-FR\"},{\"@type\":\"WebPage\",\"@id\":\"https:\/\/aztrix.me\/fr\/lutilisation-gratuite-de-twitter-et-de-facebook-appartiendra-t-elle-bientot-au-passe\/\",\"url\":\"https:\/\/aztrix.me\/fr\/lutilisation-gratuite-de-twitter-et-de-facebook-appartiendra-t-elle-bientot-au-passe\/\",\"name\":\"L'utilisation gratuite de Twitter et de Facebook appartiendra-t-elle bient\u00f4t au pass\u00e9 ? - Aztrix\",\"isPartOf\":{\"@id\":\"https:\/\/aztrix.me\/#website\"},\"primaryImageOfPage\":{\"@id\":\"https:\/\/aztrix.me\/fr\/lutilisation-gratuite-de-twitter-et-de-facebook-appartiendra-t-elle-bientot-au-passe\/#primaryimage\"},\"image\":{\"@id\":\"https:\/\/aztrix.me\/fr\/lutilisation-gratuite-de-twitter-et-de-facebook-appartiendra-t-elle-bientot-au-passe\/#primaryimage\"},\"thumbnailUrl\":\"https:\/\/aztrix.me\/wp-content\/uploads\/2023\/04\/small-business-owner-talking-on-the-phone-with-cus-2022-09-21-00-50-18-utc-jpg.webp\",\"datePublished\":\"2023-06-05T19:29:47+00:00\",\"dateModified\":\"2023-06-23T11:30:27+00:00\",\"inLanguage\":\"fr-FR\",\"potentialAction\":[{\"@type\":\"ReadAction\",\"target\":[\"https:\/\/aztrix.me\/fr\/lutilisation-gratuite-de-twitter-et-de-facebook-appartiendra-t-elle-bientot-au-passe\/\"]}]},{\"@type\":\"ImageObject\",\"inLanguage\":\"fr-FR\",\"@id\":\"https:\/\/aztrix.me\/fr\/lutilisation-gratuite-de-twitter-et-de-facebook-appartiendra-t-elle-bientot-au-passe\/#primaryimage\",\"url\":\"https:\/\/aztrix.me\/wp-content\/uploads\/2023\/04\/small-business-owner-talking-on-the-phone-with-cus-2022-09-21-00-50-18-utc-jpg.webp\",\"contentUrl\":\"https:\/\/aztrix.me\/wp-content\/uploads\/2023\/04\/small-business-owner-talking-on-the-phone-with-cus-2022-09-21-00-50-18-utc-jpg.webp\",\"width\":2000,\"height\":1331},{\"@type\":\"WebSite\",\"@id\":\"https:\/\/aztrix.me\/#website\",\"url\":\"https:\/\/aztrix.me\/\",\"name\":\"Aztrix\",\"description\":\"\",\"publisher\":{\"@id\":\"https:\/\/aztrix.me\/#organization\"},\"potentialAction\":[{\"@type\":\"SearchAction\",\"target\":{\"@type\":\"EntryPoint\",\"urlTemplate\":\"https:\/\/aztrix.me\/?s={search_term_string}\"},\"query-input\":{\"@type\":\"PropertyValueSpecification\",\"valueRequired\":true,\"valueName\":\"search_term_string\"}}],\"inLanguage\":\"fr-FR\"},{\"@type\":\"Organization\",\"@id\":\"https:\/\/aztrix.me\/#organization\",\"name\":\"Aztrix\",\"url\":\"https:\/\/aztrix.me\/\",\"logo\":{\"@type\":\"ImageObject\",\"inLanguage\":\"fr-FR\",\"@id\":\"https:\/\/aztrix.me\/#\/schema\/logo\/image\/\",\"url\":\"https:\/\/aztrix.me\/wp-content\/uploads\/2023\/03\/Aztrix_logo.png\",\"contentUrl\":\"https:\/\/aztrix.me\/wp-content\/uploads\/2023\/03\/Aztrix_logo.png\",\"width\":260,\"height\":121,\"caption\":\"Aztrix\"},\"image\":{\"@id\":\"https:\/\/aztrix.me\/#\/schema\/logo\/image\/\"}},{\"@type\":\"Person\",\"@id\":\"https:\/\/aztrix.me\/#\/schema\/person\/b51709d4a7915a0e73b82d0ee7beadf1\",\"name\":\"dxv_webmaster\",\"image\":{\"@type\":\"ImageObject\",\"inLanguage\":\"fr-FR\",\"@id\":\"https:\/\/aztrix.me\/#\/schema\/person\/image\/\",\"url\":\"https:\/\/secure.gravatar.com\/avatar\/4ac4d7ab1873815315009d11c27ceb03fab8cfaa9cacc1396d8c439780e46067?s=96&d=mm&r=g\",\"contentUrl\":\"https:\/\/secure.gravatar.com\/avatar\/4ac4d7ab1873815315009d11c27ceb03fab8cfaa9cacc1396d8c439780e46067?s=96&d=mm&r=g\",\"caption\":\"dxv_webmaster\"},\"sameAs\":[\"https:\/\/aztrix.me\"],\"url\":\"https:\/\/aztrix.me\/fr\/author\/dxv_webmaster\/\"}]}<\/script>\n<!-- \/ Yoast SEO plugin. -->","yoast_head_json":{"title":"L'utilisation gratuite de Twitter et de Facebook appartiendra-t-elle bient\u00f4t au pass\u00e9 ? - Aztrix","robots":{"index":"index","follow":"follow","max-snippet":"max-snippet:-1","max-image-preview":"max-image-preview:large","max-video-preview":"max-video-preview:-1"},"canonical":"https:\/\/aztrix.me\/fr\/lutilisation-gratuite-de-twitter-et-de-facebook-appartiendra-t-elle-bientot-au-passe\/","og_locale":"fr_FR","og_type":"article","og_title":"L'utilisation gratuite de Twitter et de Facebook appartiendra-t-elle bient\u00f4t au pass\u00e9 ? - Aztrix","og_url":"https:\/\/aztrix.me\/fr\/lutilisation-gratuite-de-twitter-et-de-facebook-appartiendra-t-elle-bientot-au-passe\/","og_site_name":"Aztrix","article_published_time":"2023-06-05T19:29:47+00:00","article_modified_time":"2023-06-23T11:30:27+00:00","og_image":[{"width":2000,"height":1331,"url":"https:\/\/aztrix.me\/wp-content\/uploads\/2023\/04\/small-business-owner-talking-on-the-phone-with-cus-2022-09-21-00-50-18-utc-jpg.webp","type":"image\/jpeg"}],"author":"dxv_webmaster","twitter_card":"summary_large_image","twitter_misc":{"\u00c9crit par":"dxv_webmaster","Dur\u00e9e de lecture estim\u00e9e":"4 minutes"},"schema":{"@context":"https:\/\/schema.org","@graph":[{"@type":"Article","@id":"https:\/\/aztrix.me\/fr\/lutilisation-gratuite-de-twitter-et-de-facebook-appartiendra-t-elle-bientot-au-passe\/#article","isPartOf":{"@id":"https:\/\/aztrix.me\/fr\/lutilisation-gratuite-de-twitter-et-de-facebook-appartiendra-t-elle-bientot-au-passe\/"},"author":{"name":"dxv_webmaster","@id":"https:\/\/aztrix.me\/#\/schema\/person\/b51709d4a7915a0e73b82d0ee7beadf1"},"headline":"L&rsquo;utilisation gratuite de Twitter et de Facebook appartiendra-t-elle bient\u00f4t au pass\u00e9 ?","datePublished":"2023-06-05T19:29:47+00:00","dateModified":"2023-06-23T11:30:27+00:00","mainEntityOfPage":{"@id":"https:\/\/aztrix.me\/fr\/lutilisation-gratuite-de-twitter-et-de-facebook-appartiendra-t-elle-bientot-au-passe\/"},"wordCount":763,"publisher":{"@id":"https:\/\/aztrix.me\/#organization"},"image":{"@id":"https:\/\/aztrix.me\/fr\/lutilisation-gratuite-de-twitter-et-de-facebook-appartiendra-t-elle-bientot-au-passe\/#primaryimage"},"thumbnailUrl":"https:\/\/aztrix.me\/wp-content\/uploads\/2023\/04\/small-business-owner-talking-on-the-phone-with-cus-2022-09-21-00-50-18-utc-jpg.webp","articleSection":["R\u00e9seaux sociaux"],"inLanguage":"fr-FR"},{"@type":"WebPage","@id":"https:\/\/aztrix.me\/fr\/lutilisation-gratuite-de-twitter-et-de-facebook-appartiendra-t-elle-bientot-au-passe\/","url":"https:\/\/aztrix.me\/fr\/lutilisation-gratuite-de-twitter-et-de-facebook-appartiendra-t-elle-bientot-au-passe\/","name":"L'utilisation gratuite de Twitter et de Facebook appartiendra-t-elle bient\u00f4t au pass\u00e9 ? - Aztrix","isPartOf":{"@id":"https:\/\/aztrix.me\/#website"},"primaryImageOfPage":{"@id":"https:\/\/aztrix.me\/fr\/lutilisation-gratuite-de-twitter-et-de-facebook-appartiendra-t-elle-bientot-au-passe\/#primaryimage"},"image":{"@id":"https:\/\/aztrix.me\/fr\/lutilisation-gratuite-de-twitter-et-de-facebook-appartiendra-t-elle-bientot-au-passe\/#primaryimage"},"thumbnailUrl":"https:\/\/aztrix.me\/wp-content\/uploads\/2023\/04\/small-business-owner-talking-on-the-phone-with-cus-2022-09-21-00-50-18-utc-jpg.webp","datePublished":"2023-06-05T19:29:47+00:00","dateModified":"2023-06-23T11:30:27+00:00","inLanguage":"fr-FR","potentialAction":[{"@type":"ReadAction","target":["https:\/\/aztrix.me\/fr\/lutilisation-gratuite-de-twitter-et-de-facebook-appartiendra-t-elle-bientot-au-passe\/"]}]},{"@type":"ImageObject","inLanguage":"fr-FR","@id":"https:\/\/aztrix.me\/fr\/lutilisation-gratuite-de-twitter-et-de-facebook-appartiendra-t-elle-bientot-au-passe\/#primaryimage","url":"https:\/\/aztrix.me\/wp-content\/uploads\/2023\/04\/small-business-owner-talking-on-the-phone-with-cus-2022-09-21-00-50-18-utc-jpg.webp","contentUrl":"https:\/\/aztrix.me\/wp-content\/uploads\/2023\/04\/small-business-owner-talking-on-the-phone-with-cus-2022-09-21-00-50-18-utc-jpg.webp","width":2000,"height":1331},{"@type":"WebSite","@id":"https:\/\/aztrix.me\/#website","url":"https:\/\/aztrix.me\/","name":"Aztrix","description":"","publisher":{"@id":"https:\/\/aztrix.me\/#organization"},"potentialAction":[{"@type":"SearchAction","target":{"@type":"EntryPoint","urlTemplate":"https:\/\/aztrix.me\/?s={search_term_string}"},"query-input":{"@type":"PropertyValueSpecification","valueRequired":true,"valueName":"search_term_string"}}],"inLanguage":"fr-FR"},{"@type":"Organization","@id":"https:\/\/aztrix.me\/#organization","name":"Aztrix","url":"https:\/\/aztrix.me\/","logo":{"@type":"ImageObject","inLanguage":"fr-FR","@id":"https:\/\/aztrix.me\/#\/schema\/logo\/image\/","url":"https:\/\/aztrix.me\/wp-content\/uploads\/2023\/03\/Aztrix_logo.png","contentUrl":"https:\/\/aztrix.me\/wp-content\/uploads\/2023\/03\/Aztrix_logo.png","width":260,"height":121,"caption":"Aztrix"},"image":{"@id":"https:\/\/aztrix.me\/#\/schema\/logo\/image\/"}},{"@type":"Person","@id":"https:\/\/aztrix.me\/#\/schema\/person\/b51709d4a7915a0e73b82d0ee7beadf1","name":"dxv_webmaster","image":{"@type":"ImageObject","inLanguage":"fr-FR","@id":"https:\/\/aztrix.me\/#\/schema\/person\/image\/","url":"https:\/\/secure.gravatar.com\/avatar\/4ac4d7ab1873815315009d11c27ceb03fab8cfaa9cacc1396d8c439780e46067?s=96&d=mm&r=g","contentUrl":"https:\/\/secure.gravatar.com\/avatar\/4ac4d7ab1873815315009d11c27ceb03fab8cfaa9cacc1396d8c439780e46067?s=96&d=mm&r=g","caption":"dxv_webmaster"},"sameAs":["https:\/\/aztrix.me"],"url":"https:\/\/aztrix.me\/fr\/author\/dxv_webmaster\/"}]}},"_links":{"self":[{"href":"https:\/\/aztrix.me\/fr\/wp-json\/wp\/v2\/posts\/1108","targetHints":{"allow":["GET"]}}],"collection":[{"href":"https:\/\/aztrix.me\/fr\/wp-json\/wp\/v2\/posts"}],"about":[{"href":"https:\/\/aztrix.me\/fr\/wp-json\/wp\/v2\/types\/post"}],"author":[{"embeddable":true,"href":"https:\/\/aztrix.me\/fr\/wp-json\/wp\/v2\/users\/1"}],"replies":[{"embeddable":true,"href":"https:\/\/aztrix.me\/fr\/wp-json\/wp\/v2\/comments?post=1108"}],"version-history":[{"count":1,"href":"https:\/\/aztrix.me\/fr\/wp-json\/wp\/v2\/posts\/1108\/revisions"}],"predecessor-version":[{"id":1109,"href":"https:\/\/aztrix.me\/fr\/wp-json\/wp\/v2\/posts\/1108\/revisions\/1109"}],"wp:featuredmedia":[{"embeddable":true,"href":"https:\/\/aztrix.me\/fr\/wp-json\/wp\/v2\/media\/655"}],"wp:attachment":[{"href":"https:\/\/aztrix.me\/fr\/wp-json\/wp\/v2\/media?parent=1108"}],"wp:term":[{"taxonomy":"category","embeddable":true,"href":"https:\/\/aztrix.me\/fr\/wp-json\/wp\/v2\/categories?post=1108"},{"taxonomy":"post_tag","embeddable":true,"href":"https:\/\/aztrix.me\/fr\/wp-json\/wp\/v2\/tags?post=1108"}],"curies":[{"name":"wp","href":"https:\/\/api.w.org\/{rel}","templated":true}]}}